{"id":113,"date":"2021-08-28T01:35:53","date_gmt":"2021-08-28T01:35:53","guid":{"rendered":"https:\/\/foxiz.themeruby.com\/default\/?p=113"},"modified":"2024-03-05T23:39:44","modified_gmt":"2024-03-05T23:39:44","slug":"david-is-tommy-wiseau-in-the-first-teaser-for-the-amazon-warrior","status":"publish","type":"post","link":"https:\/\/tunther.com.ar\/sitio\/david-is-tommy-wiseau-in-the-first-teaser-for-the-amazon-warrior\/","title":{"rendered":"Diferencias entre crecimiento y desarrollo empresarial"},"content":{"rendered":"\n<p class=\"has-drop-cap\">Aunque el crecimiento y el desarrollo empresarial son conceptos que se refieren a la evoluci\u00f3n de la empresa, se enfocan en campos distintos de esta transformaci\u00f3n a lo largo del tiempo.<\/p>\n\n\n\n<figure class=\"wp-block-pullquote\"><blockquote><p>No obstante, tanto el crecimiento como el desarrollo empresarial est\u00e1n vinculados. Si una compa\u00f1\u00eda no cuida los aspectos cualita\/tivos, dif\u00edcilmente puede alcanzar ese grado de optimizaci\u00f3n que permite el crecimiento econ\u00f3mico \/\/y estrat\u00e9gico en el mercado..<\/p><cite>T\u00ae<\/cite><\/blockquote><\/figure>\n\n\n\n<ul class=\"wp-block-list\">\n<li><strong>El crecimiento empresarial es un concepto preponderantemente econ\u00f3mico.<\/strong>&nbsp;Se encarga de aspectos como el volumen de los activos, las utilidades, la rentabilidad, las ventas y la productividad. Todos ellos son conceptos que se refieren a la eficiencia empresarial y el rendimiento econ\u00f3mico.<\/li>\n\n\n\n<li><strong>El desarrollo empresarial, por otro lado, es una idea que abarca aspectos cualitativos,<\/strong>&nbsp;como las&nbsp;experiencias de los trabajadores, los valores empresariales, la cultura laboral, la \u00e9tica, la filosof\u00eda empresarial, el desarrollo personal y mucho m\u00e1s.&nbsp;<\/li>\n<\/ul>\n","protected":false},"excerpt":{"rendered":"<p>Aunque el crecimiento y el desarrollo empresarial son conceptos que se refieren a la evoluci\u00f3n de la empresa, se enfocan en campos distintos de esta transformaci\u00f3n a lo largo del tiempo. No obstante, tanto el crecimiento como el desarrollo empresarial est\u00e1n vinculados. Si una compa\u00f1\u00eda no cuida los aspectos cualita\/tivos, dif\u00edcilmente puede alcanzar ese grado [&hellip;]<\/p>\n","protected":false},"author":2,"featured_media":2432,"comment_status":"open","ping_status":"open","sticky":false,"template":"","format":"standard","meta":{"footnotes":""},"categories":[2],"tags":[123,117],"class_list":{"0":"post-113","1":"post","2":"type-post","3":"status-publish","4":"format-standard","5":"has-post-thumbnail","7":"category-gestion-del-crecimiento","8":"tag-crecimiento","9":"tag-gestion"},"_links":{"self":[{"href":"https:\/\/tunther.com.ar\/sitio\/wp-json\/wp\/v2\/posts\/113","targetHints":{"allow":["GET"]}}],"collection":[{"href":"https:\/\/tunther.com.ar\/sitio\/wp-json\/wp\/v2\/posts"}],"about":[{"href":"https:\/\/tunther.com.ar\/sitio\/wp-json\/wp\/v2\/types\/post"}],"author":[{"embeddable":true,"href":"https:\/\/tunther.com.ar\/sitio\/wp-json\/wp\/v2\/users\/2"}],"replies":[{"embeddable":true,"href":"https:\/\/tunther.com.ar\/sitio\/wp-json\/wp\/v2\/comments?post=113"}],"version-history":[{"count":3,"href":"https:\/\/tunther.com.ar\/sitio\/wp-json\/wp\/v2\/posts\/113\/revisions"}],"predecessor-version":[{"id":2650,"href":"https:\/\/tunther.com.ar\/sitio\/wp-json\/wp\/v2\/posts\/113\/revisions\/2650"}],"wp:featuredmedia":[{"embeddable":true,"href":"https:\/\/tunther.com.ar\/sitio\/wp-json\/wp\/v2\/media\/2432"}],"wp:attachment":[{"href":"https:\/\/tunther.com.ar\/sitio\/wp-json\/wp\/v2\/media?parent=113"}],"wp:term":[{"taxonomy":"category","embeddable":true,"href":"https:\/\/tunther.com.ar\/sitio\/wp-json\/wp\/v2\/categories?post=113"},{"taxonomy":"post_tag","embeddable":true,"href":"https:\/\/tunther.com.ar\/sitio\/wp-json\/wp\/v2\/tags?post=113"}],"curies":[{"name":"wp","href":"https:\/\/api.w.org\/{rel}","templated":true}]}}